{"id":127,"date":"2021-08-05T11:37:00","date_gmt":"2021-08-05T11:37:00","guid":{"rendered":"http:\/\/localhost\/?p=127"},"modified":"2021-08-11T19:41:58","modified_gmt":"2021-08-11T19:41:58","slug":"exento_tarifa_mundial","status":"publish","type":"post","link":"https:\/\/vigomezcomercializadora.com\/home\/2021\/08\/05\/exento_tarifa_mundial\/","title":{"rendered":"Transporte mar\u00edtimo logra quedar exento de tasa mundial de 15% propuesta por el G7"},"content":{"rendered":"\t\t<div data-elementor-type=\"wp-post\" data-elementor-id=\"127\" class=\"elementor elementor-127\">\n\t\t\t\t\t\t<section class=\"elementor-section elementor-top-section elementor-element elementor-element-40b5ac19 elementor-section-boxed elementor-section-height-default elementor-section-height-default\" data-id=\"40b5ac19\" data-element_type=\"section\">\n\t\t\t\t\t\t<div class=\"elementor-container elementor-column-gap-default\">\n\t\t\t\t\t<div class=\"elementor-column elementor-col-100 elementor-top-column elementor-element elementor-element-3422b06\" data-id=\"3422b06\" data-element_type=\"column\">\n\t\t\t<div class=\"elementor-widget-wrap elementor-element-populated\">\n\t\t\t\t\t\t<div class=\"elementor-element elementor-element-2325ba2a elementor-widget elementor-widget-text-editor\" data-id=\"2325ba2a\" data-element_type=\"widget\" data-widget_type=\"text-editor.default\">\n\t\t\t\t<div class=\"elementor-widget-container\">\n\t\t\t\t\t\t\t\t\t<p>L\u00edneas navieras con operaciones de terminales integradas verticalmente se estar\u00edan beneficiando de impuestos m\u00e1s bajos.<\/p>\t\t\t\t\t\t\t\t<\/div>\n\t\t\t\t<\/div>\n\t\t\t\t\t<\/div>\n\t\t<\/div>\n\t\t\t\t\t<\/div>\n\t\t<\/section>\n\t\t\t\t<section class=\"elementor-section elementor-top-section elementor-element elementor-element-222d721 elementor-section-boxed elementor-section-height-default elementor-section-height-default\" data-id=\"222d721\" data-element_type=\"section\">\n\t\t\t\t\t\t<div class=\"elementor-container elementor-column-gap-default\">\n\t\t\t\t\t<div class=\"elementor-column elementor-col-100 elementor-top-column elementor-element elementor-element-1b813c44\" data-id=\"1b813c44\" data-element_type=\"column\">\n\t\t\t<div class=\"elementor-widget-wrap elementor-element-populated\">\n\t\t\t\t\t\t<div class=\"elementor-element elementor-element-4c7ac55f elementor-widget elementor-widget-text-editor\" data-id=\"4c7ac55f\" data-element_type=\"widget\" data-widget_type=\"text-editor.default\">\n\t\t\t\t<div class=\"elementor-widget-container\">\n\t\t\t\t\t\t\t\t\t<p>El transporte mar\u00edtimo quedar\u00e1 exento de la nueva tasa impositiva global propuesto por el G7, pero es probable que la medida reavive el debate sobre las sobre las distorsiones con el mercado de la log\u00edstica y las terminales, reporta\u00a0<a href=\"https:\/\/www.alphaliner.com\/?utm_source=mundomaritimo&amp;utm_medium=mention&amp;utm_campaign=2019\">Alphaliner<\/a>.<\/p><p>Seg\u00fan confirm\u00f3 la OCDE, el transporte mar\u00edtimo quedar\u00e1 excluido de la propuesta de aplicar una tasa m\u00ednima del 15% a las empresas que facturen m\u00e1s de 750 millones de euros. Sin embargo, los detalles a\u00fan se est\u00e1n debatiendo, y algunas partes insisten en que la exenci\u00f3n s\u00f3lo debe abarcar los servicios puerto a puerto relacionados con los buques.<\/p><p>Las cifras publicadas el a\u00f1o pasado por la ITF\/OCDE sugieren que las l\u00edneas navieras con operaciones de terminales integradas verticalmente se est\u00e1n beneficiando de impuestos m\u00e1s bajos al aprovechar los acuerdos fiscales especiales para las l\u00edneas navieras (v\u00e9ase la tabla).<\/p><p><a href=\"https:\/\/eltransporte.com\/transporte-maritimo-logra-quedar-exento-de-tasa-mundial-de-15-propuesta-por-el-g7\/\" target=\"_blank\" rel=\"noopener\">Leer M\u00e1s&#8230;<\/a><\/p>\t\t\t\t\t\t\t\t<\/div>\n\t\t\t\t<\/div>\n\t\t\t\t\t<\/div>\n\t\t<\/div>\n\t\t\t\t\t<\/div>\n\t\t<\/section>\n\t\t\t\t<\/div>\n\t\t","protected":false},"excerpt":{"rendered":"<p>El transporte mar\u00edtimo quedar\u00e1 exento de la nueva tasa impositiva global propuesto por el G7, pero es probable que la medida reavive el debate sobre las sobre las distorsiones con el mercado de la log\u00edstica y las terminales, reporta Alphaliner.<\/p>\n","protected":false},"author":1,"featured_media":3120,"comment_status":"closed","ping_status":"closed","sticky":false,"template":"","format":"standard","meta":{"footnotes":""},"categories":[17,1],"tags":[24,18,23],"class_list":["post-127","post","type-post","status-publish","format-standard","has-post-thumbnail","hentry","category-noticias","category-otro","tag-actualidad","tag-noticias","tag-transporte"],"_links":{"self":[{"href":"https:\/\/vigomezcomercializadora.com\/home\/wp-json\/wp\/v2\/posts\/127","targetHints":{"allow":["GET"]}}],"collection":[{"href":"https:\/\/vigomezcomercializadora.com\/home\/wp-json\/wp\/v2\/posts"}],"about":[{"href":"https:\/\/vigomezcomercializadora.com\/home\/wp-json\/wp\/v2\/types\/post"}],"author":[{"embeddable":true,"href":"https:\/\/vigomezcomercializadora.com\/home\/wp-json\/wp\/v2\/users\/1"}],"replies":[{"embeddable":true,"href":"https:\/\/vigomezcomercializadora.com\/home\/wp-json\/wp\/v2\/comments?post=127"}],"version-history":[{"count":8,"href":"https:\/\/vigomezcomercializadora.com\/home\/wp-json\/wp\/v2\/posts\/127\/revisions"}],"predecessor-version":[{"id":3139,"href":"https:\/\/vigomezcomercializadora.com\/home\/wp-json\/wp\/v2\/posts\/127\/revisions\/3139"}],"wp:featuredmedia":[{"embeddable":true,"href":"https:\/\/vigomezcomercializadora.com\/home\/wp-json\/wp\/v2\/media\/3120"}],"wp:attachment":[{"href":"https:\/\/vigomezcomercializadora.com\/home\/wp-json\/wp\/v2\/media?parent=127"}],"wp:term":[{"taxonomy":"category","embeddable":true,"href":"https:\/\/vigomezcomercializadora.com\/home\/wp-json\/wp\/v2\/categories?post=127"},{"taxonomy":"post_tag","embeddable":true,"href":"https:\/\/vigomezcomercializadora.com\/home\/wp-json\/wp\/v2\/tags?post=127"}],"curies":[{"name":"wp","href":"https:\/\/api.w.org\/{rel}","templated":true}]}}